{"id":533,"date":"2022-12-23T11:02:44","date_gmt":"2022-12-23T10:02:44","guid":{"rendered":"https:\/\/verdi-bundesarchiv.de\/?p=533"},"modified":"2023-02-07T13:39:31","modified_gmt":"2023-02-07T12:39:31","slug":"die-ver-di-betriebsgruppe-bundesarchiv-wuenscht-allen-frohe-weihnachten","status":"publish","type":"post","link":"https:\/\/verdi-bundesarchiv.de\/index.php\/2022\/12\/23\/die-ver-di-betriebsgruppe-bundesarchiv-wuenscht-allen-frohe-weihnachten\/","title":{"rendered":"Die Ver.di Betriebsgruppe Bundesarchiv w\u00fcnscht Allen frohe Weihnachten"},"content":{"rendered":"\n<p><\/p>\n\n\n\n<p>Liebe Kolleginnen und Kollegen,<\/p>\n\n\n\n<p>f\u00fcr die kommenden Feiertage w\u00fcnscht Ihnen Ihre Verdi-Betriebsgruppe fr\u00f6hliche Weihnachten, friedliches und liebevolles Beisammensein, Zeit f\u00fcr Mu\u00dfe, Entspannung und Reflektion, um hier und da das Jahr Revue passieren zu lassen und evtl. auch ein paar Gedanken zu vertiefen.<\/p>\n\n\n\n<p>Als kleinen Anreiz zur Besch\u00e4ftigung mit gesellschaftlichen Themen der Gegenwart und j\u00fcngeren Vergangenheit wollen wir punktuell Artikel, Video-, Fernseh-, Radio- und Podcastbeitr\u00e4ge verlinken die eine kritischen Blick auf aktuelle \u00f6konomische und sozialpolitische Diskurse erm\u00f6glichen und Debatten kontextualisieren.<\/p>\n\n\n\n<p>Zur Analyse und Deutung der \u00f6konomischen und sozialen Verh\u00e4ltnisse begann Karl Marx bekanntlich mit der \u201eWaare\u201c. In Anbetracht der durch den russischen Angriffskriegs auf die Ukraine ausgel\u00f6sten \u00f6konomischen Verwerfungen und Diskussionen um explodierende Energiepreise, Inflationsraten, Lohn-Preis- oder doch Profit-Preis-Spiralen, Leitzinsen und Geldmengen, Gaspreisbremsen und -deckel m\u00f6chten wir mit dem Thema Geld anfangen.<\/p>\n\n\n\n<p>Zur Einf\u00fchrung den sehr sehenswerten Dokumentarfilm \u201eOeconomia\u201c (DE 2020), aktuell zu sehen in der 3 sat-Mediathek, der danach fragt wie eigentlich Geld entsteht, welche Formen von Geld uns t\u00e4glich begegnen, was Kredit und Schulden sind, welche Wechselbeziehung sie haben und welche Rolle sie f\u00fcr Wachstum spielen.<\/p>\n\n\n\n<p><a href=\"https:\/\/www.3sat.de\/film\/dokumentarfilm\/oeconomia-100.html\">https:\/\/www.3sat.de\/film\/dokumentarfilm\/oeconomia-100.html<\/a><\/p>\n\n\n\n<p>Einen vertiefenden Zugang zum Thema Geld als soziale, politische und eben nicht neutrale Ressource erf\u00e4hrt man durch die Lekt\u00fcre der Forschungen des Finanzsoziologen Aaron Sahr, die wir Ihnen zus\u00e4tzlich verlinken.<\/p>\n\n\n\n<p><a href=\"https:\/\/www.researchgate.net\/publication\/307935265_Waren_wir_die_besseren_Banken_Zur_Debatte_um_die_Repolitisierung_des_Kreditgeldes\">https:\/\/www.researchgate.net\/publication\/307935265_Waren_wir_die_besseren_Banken_Zur_Debatte_um_die_Repolitisierung_des_Kreditgeldes<\/a><\/p>\n\n\n\n<figure class=\"wp-block-embed is-type-wp-embed is-provider-politik-amp-okonomie wp-block-embed-politik-amp-okonomie\"><div class=\"wp-block-embed__wrapper\">\n<blockquote class=\"wp-embedded-content\" data-secret=\"PFa55jBumz\"><a href=\"https:\/\/politischeoekonomie.com\/die-rueckkehr-des-geldes-in-die-politik\/\">Die R\u00fcckkehr des Geldes in die Politik<\/a><\/blockquote><iframe loading=\"lazy\" class=\"wp-embedded-content\" sandbox=\"allow-scripts\" security=\"restricted\" style=\"position: absolute; visibility: hidden;\" title=\"&#8222;Die R\u00fcckkehr des Geldes in die Politik&#8220; &#8212; Politik &amp; \u00d6konomie Blog\" src=\"https:\/\/politischeoekonomie.com\/die-rueckkehr-des-geldes-in-die-politik\/embed\/#?secret=l64fuQT1wT#?secret=PFa55jBumz\" data-secret=\"PFa55jBumz\" width=\"500\" height=\"282\" frameborder=\"0\" marginwidth=\"0\" marginheight=\"0\" scrolling=\"no\"><\/iframe>\n<\/div><\/figure>\n\n\n\n<figure class=\"wp-block-embed is-type-wp-embed is-provider-politik-amp-okonomie wp-block-embed-politik-amp-okonomie\"><div class=\"wp-block-embed__wrapper\">\n<blockquote class=\"wp-embedded-content\" data-secret=\"ZdS3FF6DcZ\"><a href=\"https:\/\/politischeoekonomie.com\/interview-mit-aaron-sahr-das-geldsystem-muss-nicht-das-problem-sein-es-koennte-auch-die-loesung-sein\/\">Aaron Sahr: &#8222;Das Geldsystem muss nicht das Problem sein, es k\u00f6nnte auch die L\u00f6sung sein.&#8220;<\/a><\/blockquote><iframe loading=\"lazy\" class=\"wp-embedded-content\" sandbox=\"allow-scripts\" security=\"restricted\" style=\"position: absolute; visibility: hidden;\" title=\"&#8222;Aaron Sahr: &#8222;Das Geldsystem muss nicht das Problem sein, es k\u00f6nnte auch die L\u00f6sung sein.&#8220;&#8220; &#8212; Politik &amp; \u00d6konomie Blog\" src=\"https:\/\/politischeoekonomie.com\/interview-mit-aaron-sahr-das-geldsystem-muss-nicht-das-problem-sein-es-koennte-auch-die-loesung-sein\/embed\/#?secret=pvqLf61BjT#?secret=ZdS3FF6DcZ\" data-secret=\"ZdS3FF6DcZ\" width=\"500\" height=\"282\" frameborder=\"0\" marginwidth=\"0\" marginheight=\"0\" scrolling=\"no\"><\/iframe>\n<\/div><\/figure>\n","protected":false},"excerpt":{"rendered":"<p>Liebe Kolleginnen und Kollegen, f\u00fcr die kommenden Feiertage w\u00fcnscht Ihnen Ihre Verdi-Betriebsgruppe fr\u00f6hliche Weihnachten, friedliches und liebevolles Beisammensein, Zeit f\u00fcr Mu\u00dfe, Entspannung und Reflektion, um hier und da das Jahr&#8230;<\/p>\n","protected":false},"author":4,"featured_media":537,"comment_status":"open","ping_status":"open","sticky":false,"template":"","format":"standard","meta":{"footnotes":""},"categories":[1],"tags":[],"class_list":["post-533","post","type-post","status-publish","format-standard","has-post-thumbnail","hentry","category-allgemein"],"_links":{"self":[{"href":"https:\/\/verdi-bundesarchiv.de\/index.php\/wp-json\/wp\/v2\/posts\/533","targetHints":{"allow":["GET"]}}],"collection":[{"href":"https:\/\/verdi-bundesarchiv.de\/index.php\/wp-json\/wp\/v2\/posts"}],"about":[{"href":"https:\/\/verdi-bundesarchiv.de\/index.php\/wp-json\/wp\/v2\/types\/post"}],"author":[{"embeddable":true,"href":"https:\/\/verdi-bundesarchiv.de\/index.php\/wp-json\/wp\/v2\/users\/4"}],"replies":[{"embeddable":true,"href":"https:\/\/verdi-bundesarchiv.de\/index.php\/wp-json\/wp\/v2\/comments?post=533"}],"version-history":[{"count":2,"href":"https:\/\/verdi-bundesarchiv.de\/index.php\/wp-json\/wp\/v2\/posts\/533\/revisions"}],"predecessor-version":[{"id":539,"href":"https:\/\/verdi-bundesarchiv.de\/index.php\/wp-json\/wp\/v2\/posts\/533\/revisions\/539"}],"wp:featuredmedia":[{"embeddable":true,"href":"https:\/\/verdi-bundesarchiv.de\/index.php\/wp-json\/wp\/v2\/media\/537"}],"wp:attachment":[{"href":"https:\/\/verdi-bundesarchiv.de\/index.php\/wp-json\/wp\/v2\/media?parent=533"}],"wp:term":[{"taxonomy":"category","embeddable":true,"href":"https:\/\/verdi-bundesarchiv.de\/index.php\/wp-json\/wp\/v2\/categories?post=533"},{"taxonomy":"post_tag","embeddable":true,"href":"https:\/\/verdi-bundesarchiv.de\/index.php\/wp-json\/wp\/v2\/tags?post=533"}],"curies":[{"name":"wp","href":"https:\/\/api.w.org\/{rel}","templated":true}]}}