{"id":546,"date":"2023-02-07T13:47:06","date_gmt":"2023-02-07T12:47:06","guid":{"rendered":"https:\/\/verdi-bundesarchiv.de\/?p=546"},"modified":"2023-02-07T15:04:13","modified_gmt":"2023-02-07T14:04:13","slug":"warnstreik-in-berlin-am-09-02-2023","status":"publish","type":"post","link":"https:\/\/verdi-bundesarchiv.de\/index.php\/2023\/02\/07\/warnstreik-in-berlin-am-09-02-2023\/","title":{"rendered":"Warnstreik in Berlin am 09.02.2023!"},"content":{"rendered":"\n<figure class=\"wp-block-image size-full\"><img decoding=\"async\" src=\"http:\/\/verdi-bundesarchiv.de\/wp-content\/uploads\/2023\/02\/streik_inhalt.png\" alt=\"\" class=\"wp-image-550\"\/><\/figure>\n\n\n\n<p>Zum aktuellen Stand der Tarifverhandlungen nach der 1. Verhandlungsrunde:<\/p>\n\n\n\n<p><a href=\"https:\/\/zusammen-geht-mehr.verdi.de\/++co++beb2c95e-9c03-11ed-b9c2-001a4a160129\">https:\/\/zusammen-geht-mehr.verdi.de\/++co++beb2c95e-9c03-11ed-b9c2-001a4a160129<\/a><\/p>\n\n\n\n<p>Zur Auswirkung der Inflation auf die L\u00f6hne\u00a0 informiert das ZDF. Durch Steigerung des Mindestlohns und Lohnerh\u00f6hungen 2022 stiegen die L\u00f6hne\u00a0 2022 auf dem Papier zwar um 3,4 Prozent. Durch die Inflation von 7,9 Prozent sanken die Reall\u00f6hne, also gemessen an ihrer Kaufkraft, um 4,1 Prozent.<\/p>\n\n\n\n<p><a href=\"https:\/\/www.zdf.de\/nachrichten\/wirtschaft\/lohn-gehalt-reallohn-inflation-100.html\">https:\/\/www.zdf.de\/nachrichten\/wirtschaft\/lohn-gehalt-reallohn-inflation-100.html<\/a><\/p>\n\n\n\n<p>F\u00fcr 2023 wird bisher eine zwar gesunkene, aber mit 6 Prozent im Jahresdurchschnitt immer noch deutliche Inflationsrate erwartet.<br>Die Inflation trifft zudem nicht alle Bev\u00f6lkerungsschichten gleich sondern je nach Einkommensschicht und Familienstand werden verschiedene Wirkungsgrade deutlich.<\/p>\n\n\n\n<p><a href=\"https:\/\/www.n-tv.de\/wirtschaft\/Okonomen-rechnen-mit-wieder-hoeherer-Inflation-article23880049.html\">https:\/\/www.n-tv.de\/wirtschaft\/Okonomen-rechnen-mit-wieder-hoeherer-Inflation-article23880049.html<\/a><\/p>\n\n\n\n<p><a href=\"https:\/\/rp-online.de\/wirtschaft\/lebensmittel-bleiben-vorerst-teuer_aid-83114149\">https:\/\/rp-online.de\/wirtschaft\/lebensmittel-bleiben-vorerst-teuer_aid-83114149<\/a><\/p>\n\n\n\n<p><a href=\"https:\/\/www.stern.de\/news\/preisschock-fuer-verbraucher--inflation-2022-auf-rekordhoch-33106638.html\">https:\/\/www.stern.de\/news\/preisschock-fuer-verbraucher&#8211;inflation-2022-auf-rekordhoch-33106638.html<\/a><\/p>\n\n\n\n<p>Zur Unterlegung hierzu auch die Studie des IMK Inflationsmonitors:<\/p>\n\n\n\n<p><a href=\"https:\/\/www.imk-boeckler.de\/de\/faust-detail.htm?sync_id=HBS-008517\">https:\/\/www.imk-boeckler.de\/de\/faust-detail.htm?sync_id=HBS-008517<\/a><\/p>\n\n\n\n<p>Wer sich allgemein und nebenher mit dem Thema Inflation besch\u00e4ftigen m\u00f6chte empfehlen wir folgende Podcast-Beitr\u00e4ge und Einf\u00fchrung:<\/p>\n\n\n\n<p><a href=\"https:\/\/99zueins.fireside.fm\/223\">https:\/\/99zueins.fireside.fm\/223<\/a><\/p>\n\n\n\n<p><a href=\"https:\/\/wohlstandfueralle.podigee.io\/1029-spezial-friederike-spiecker\">https:\/\/wohlstandfueralle.podigee.io\/1029-spezial-friederike-spiecker<\/a><\/p>\n\n\n\n<p><a href=\"https:\/\/www.deutschlandfunkkultur.de\/tarifverhandlungen-inflation-gehalt-100.html\">https:\/\/www.deutschlandfunkkultur.de\/tarifverhandlungen-inflation-gehalt-100.html<\/a><\/p>\n\n\n\n<p><a href=\"https:\/\/www.bpb.de\/shop\/zeitschriften\/apuz\/inflation-2023\/#content-index\">https:\/\/www.bpb.de\/shop\/zeitschriften\/apuz\/inflation-2023\/#content-index<\/a><\/p>\n","protected":false},"excerpt":{"rendered":"<p>Zum aktuellen Stand der Tarifverhandlungen nach der 1. Verhandlungsrunde: https:\/\/zusammen-geht-mehr.verdi.de\/++co++beb2c95e-9c03-11ed-b9c2-001a4a160129 Zur Auswirkung der Inflation auf die L\u00f6hne\u00a0 informiert das ZDF. Durch Steigerung des Mindestlohns und Lohnerh\u00f6hungen 2022 stiegen die L\u00f6hne\u00a0&#8230;<\/p>\n","protected":false},"author":4,"featured_media":549,"comment_status":"open","ping_status":"open","sticky":false,"template":"","format":"standard","meta":{"footnotes":""},"categories":[1],"tags":[18,19,17],"class_list":["post-546","post","type-post","status-publish","format-standard","has-post-thumbnail","hentry","category-allgemein","tag-bundesarchiv","tag-streik","tag-verdi"],"_links":{"self":[{"href":"https:\/\/verdi-bundesarchiv.de\/index.php\/wp-json\/wp\/v2\/posts\/546","targetHints":{"allow":["GET"]}}],"collection":[{"href":"https:\/\/verdi-bundesarchiv.de\/index.php\/wp-json\/wp\/v2\/posts"}],"about":[{"href":"https:\/\/verdi-bundesarchiv.de\/index.php\/wp-json\/wp\/v2\/types\/post"}],"author":[{"embeddable":true,"href":"https:\/\/verdi-bundesarchiv.de\/index.php\/wp-json\/wp\/v2\/users\/4"}],"replies":[{"embeddable":true,"href":"https:\/\/verdi-bundesarchiv.de\/index.php\/wp-json\/wp\/v2\/comments?post=546"}],"version-history":[{"count":4,"href":"https:\/\/verdi-bundesarchiv.de\/index.php\/wp-json\/wp\/v2\/posts\/546\/revisions"}],"predecessor-version":[{"id":555,"href":"https:\/\/verdi-bundesarchiv.de\/index.php\/wp-json\/wp\/v2\/posts\/546\/revisions\/555"}],"wp:featuredmedia":[{"embeddable":true,"href":"https:\/\/verdi-bundesarchiv.de\/index.php\/wp-json\/wp\/v2\/media\/549"}],"wp:attachment":[{"href":"https:\/\/verdi-bundesarchiv.de\/index.php\/wp-json\/wp\/v2\/media?parent=546"}],"wp:term":[{"taxonomy":"category","embeddable":true,"href":"https:\/\/verdi-bundesarchiv.de\/index.php\/wp-json\/wp\/v2\/categories?post=546"},{"taxonomy":"post_tag","embeddable":true,"href":"https:\/\/verdi-bundesarchiv.de\/index.php\/wp-json\/wp\/v2\/tags?post=546"}],"curies":[{"name":"wp","href":"https:\/\/api.w.org\/{rel}","templated":true}]}}