{"id":589,"date":"2024-03-03T16:15:02","date_gmt":"2024-03-03T15:15:02","guid":{"rendered":"https:\/\/verdi-bundesarchiv.de\/?p=589"},"modified":"2024-03-03T16:39:56","modified_gmt":"2024-03-03T15:39:56","slug":"verselbstaendigung-berlin-lichterfelde-und-berlin-tegel","status":"publish","type":"post","link":"https:\/\/verdi-bundesarchiv.de\/index.php\/2024\/03\/03\/verselbstaendigung-berlin-lichterfelde-und-berlin-tegel\/","title":{"rendered":"Verselbst\u00e4ndigung Berlin-Lichterfelde und Berlin-Tegel"},"content":{"rendered":"\n<p>Die Kolleg*innen haben es geschafft: es wird f\u00fcr die n\u00e4chste<br>Wahlperiode wieder einen \u00f6rtlichen Personalrat f\u00fcr die Dienststellen<br>Berlin-Lichterfelde und Berlin-Tegel geben und damit auch einen<br>Gesamtpersonalrat Bundesarchiv.<\/p>\n\n\n\n<p>Trotz unkollegialem Gebaren des Wahlvorstands f\u00fcr den Personalrat<br>beim Bundesarchiv (Hauptdienststelle Koblenz sowie alle nicht<br>verselbst\u00e4ndigten Dienststellen), der ohne Abstimmung mit den anderen<br>Personalr\u00e4ten im Bundesarchiv &#8211; wie sonst \u00fcblich &#8211; die Termine f\u00fcr<br>seine Konstituierung festlegte.<\/p>\n\n\n\n<p>Dem Abstimmungsvorstand f\u00fcr die personalvertretungsrechtliche<br>Verselbst\u00e4ndigung der Bundesarchiv Dienststellen Berlin-Tegel und<br>Berlin-Lichterfelde und seine vielen Helfer*innen gelang das fast<br>Unm\u00f6gliche und stellte die Wahl auf die Beine. Dazu gab es eine hohe<br>Wahlbeteilung durch die Mitarbeitenden der zwei Dienststellen<br>(Beteilung von 74%). Und die Zustimmung (Ja-Stimmen) lag bei rund 88%<br>der g\u00fcltigen Stimmen.<\/p>\n","protected":false},"excerpt":{"rendered":"<p>Die Kolleg*innen haben es geschafft: es wird f\u00fcr die n\u00e4chsteWahlperiode wieder einen \u00f6rtlichen Personalrat f\u00fcr die DienststellenBerlin-Lichterfelde und Berlin-Tegel geben und damit auch einenGesamtpersonalrat Bundesarchiv. Trotz unkollegialem Gebaren des Wahlvorstands&#8230;<\/p>\n","protected":false},"author":4,"featured_media":448,"comment_status":"open","ping_status":"open","sticky":false,"template":"","format":"standard","meta":{"footnotes":""},"categories":[1],"tags":[],"class_list":["post-589","post","type-post","status-publish","format-standard","has-post-thumbnail","hentry","category-allgemein"],"_links":{"self":[{"href":"https:\/\/verdi-bundesarchiv.de\/index.php\/wp-json\/wp\/v2\/posts\/589","targetHints":{"allow":["GET"]}}],"collection":[{"href":"https:\/\/verdi-bundesarchiv.de\/index.php\/wp-json\/wp\/v2\/posts"}],"about":[{"href":"https:\/\/verdi-bundesarchiv.de\/index.php\/wp-json\/wp\/v2\/types\/post"}],"author":[{"embeddable":true,"href":"https:\/\/verdi-bundesarchiv.de\/index.php\/wp-json\/wp\/v2\/users\/4"}],"replies":[{"embeddable":true,"href":"https:\/\/verdi-bundesarchiv.de\/index.php\/wp-json\/wp\/v2\/comments?post=589"}],"version-history":[{"count":1,"href":"https:\/\/verdi-bundesarchiv.de\/index.php\/wp-json\/wp\/v2\/posts\/589\/revisions"}],"predecessor-version":[{"id":590,"href":"https:\/\/verdi-bundesarchiv.de\/index.php\/wp-json\/wp\/v2\/posts\/589\/revisions\/590"}],"wp:featuredmedia":[{"embeddable":true,"href":"https:\/\/verdi-bundesarchiv.de\/index.php\/wp-json\/wp\/v2\/media\/448"}],"wp:attachment":[{"href":"https:\/\/verdi-bundesarchiv.de\/index.php\/wp-json\/wp\/v2\/media?parent=589"}],"wp:term":[{"taxonomy":"category","embeddable":true,"href":"https:\/\/verdi-bundesarchiv.de\/index.php\/wp-json\/wp\/v2\/categories?post=589"},{"taxonomy":"post_tag","embeddable":true,"href":"https:\/\/verdi-bundesarchiv.de\/index.php\/wp-json\/wp\/v2\/tags?post=589"}],"curies":[{"name":"wp","href":"https:\/\/api.w.org\/{rel}","templated":true}]}}