{"id":680,"date":"2025-02-26T14:49:29","date_gmt":"2025-02-26T13:49:29","guid":{"rendered":"https:\/\/verdi-bundesarchiv.de\/?p=680"},"modified":"2025-02-26T17:08:21","modified_gmt":"2025-02-26T16:08:21","slug":"rueckkopplungsrunde-tarifverhandlungen","status":"publish","type":"post","link":"https:\/\/verdi-bundesarchiv.de\/index.php\/2025\/02\/26\/rueckkopplungsrunde-tarifverhandlungen\/","title":{"rendered":"R\u00fcckkopplungsrunde Tarifverhandlungen"},"content":{"rendered":"\n<p><strong>Zweite Verhandlungsrunde ohne Angebot&nbsp;<\/strong><\/p>\n\n\n\n<figure class=\"wp-block-table\"><table class=\"has-fixed-layout\"><tbody><tr><td><strong>Forderung<\/strong><\/td><td><strong>Aussage Arbeitgeber<\/strong><\/td><\/tr><tr><td>8 Prozent im Volumen<\/td><td>allenfalls kann es eine minimale Entgelterh\u00f6hung geben, einige Arbeitgeberverb\u00e4nde wollen eine absolute Nullrunde<\/td><\/tr><tr><td>200 Euro mehr f\u00fcr Auszubildende, Studierende und Praktikant*innen<\/td><td>kein Angebot<\/td><\/tr><tr><td>Laufzeit zw\u00f6lf Monate<\/td><td>36 Monate<\/td><\/tr><tr><td>unbefristete \u00dcbernahme von Auszubildenden und Studierenden in Vollzeit<\/td><td>wer gut ist, werde auch \u00fcbernommen \u2013 kein Handlungsbedarf<\/td><\/tr><tr><td>3 zus\u00e4tzliche freie Tage<\/td><td>alles was mit Verk\u00fcrzung von Arbeitszeit zu tun hat, wird rigoros abgelehnt<\/td><\/tr><\/tbody><\/table><\/figure>\n\n\n\n<p>Jetzt sind wir gefragt!<\/p>\n\n\n\n<p>Welche Laufzeit? Mindestbetrag oder prozentuale Erh\u00f6hung? Wie soll es weitergehen? Wir stimmen gemeinsam ab.&nbsp;<\/p>\n\n\n\n<p><strong>\u2192 Am 27.02.2025, 12:00 Uhr <strong>Tegel<\/strong><\/strong> <strong>in der ehemaligen Kantine, Raum 2.0.DS3 <\/strong><\/p>\n\n\n\n<p><strong>\u2192 Am 05.03.2025, 11:00 Uhr <strong>MDS<\/strong><\/strong> <strong>im Sozialraum<\/strong><\/p>\n\n\n\n<p><strong>\u2192 Am 05.03.2025, 13:00 Uhr <strong>Lichterfelde<\/strong><\/strong> <strong>in Raum B 057<\/strong><\/p>\n\n\n\n<p><strong>\u2192 Am 06.03.2025, 11:00 Uhr <strong>FFA<\/strong><\/strong> <strong>in der Bibliothek<\/strong><\/p>\n\n\n\n<p>Alle sind herzlich eingeladen sich zu beteiligen!\u00a0 Auch Beamte, Auszubildende und studentische Hilfskr\u00e4fte.<\/p>\n\n\n\n<p>Bitte ausstempeln.&nbsp;<\/p>\n\n\n\n<figure class=\"wp-block-image size-full is-resized\"><img loading=\"lazy\" decoding=\"async\" width=\"183\" height=\"179\" src=\"https:\/\/verdi-bundesarchiv.de\/wp-content\/uploads\/2025\/02\/grafik.png\" alt=\"\" class=\"wp-image-682\" style=\"width:183px;height:auto\"\/><\/figure>\n\n\n\n<p>Ausf\u00fchrliche Informationen unter <a href=\"https:\/\/zusammen-geht-mehr.verdi.de\/++co++70054fba-d9a6-11ef-ab39-e3034894f813\">https:\/\/zusammen-geht-mehr.verdi.de\/++co++70054fba-d9a6-11ef-ab39-e3034894f813<\/a><\/p>\n","protected":false},"excerpt":{"rendered":"<p>Zweite Verhandlungsrunde ohne Angebot&nbsp; ForderungAussage Arbeitgeber8 Prozent im Volumenallenfalls kann es eine minimale Entgelterh\u00f6hung geben, einige Arbeitgeberverb\u00e4nde wollen eine absolute Nullrunde200 Euro mehr f\u00fcr Auszubildende, Studierende und Praktikant*innenkein AngebotLaufzeit zw\u00f6lf&#8230;<\/p>\n","protected":false},"author":4,"featured_media":684,"comment_status":"open","ping_status":"open","sticky":false,"template":"","format":"standard","meta":{"footnotes":""},"categories":[1],"tags":[],"class_list":["post-680","post","type-post","status-publish","format-standard","has-post-thumbnail","hentry","category-allgemein"],"_links":{"self":[{"href":"https:\/\/verdi-bundesarchiv.de\/index.php\/wp-json\/wp\/v2\/posts\/680","targetHints":{"allow":["GET"]}}],"collection":[{"href":"https:\/\/verdi-bundesarchiv.de\/index.php\/wp-json\/wp\/v2\/posts"}],"about":[{"href":"https:\/\/verdi-bundesarchiv.de\/index.php\/wp-json\/wp\/v2\/types\/post"}],"author":[{"embeddable":true,"href":"https:\/\/verdi-bundesarchiv.de\/index.php\/wp-json\/wp\/v2\/users\/4"}],"replies":[{"embeddable":true,"href":"https:\/\/verdi-bundesarchiv.de\/index.php\/wp-json\/wp\/v2\/comments?post=680"}],"version-history":[{"count":7,"href":"https:\/\/verdi-bundesarchiv.de\/index.php\/wp-json\/wp\/v2\/posts\/680\/revisions"}],"predecessor-version":[{"id":693,"href":"https:\/\/verdi-bundesarchiv.de\/index.php\/wp-json\/wp\/v2\/posts\/680\/revisions\/693"}],"wp:featuredmedia":[{"embeddable":true,"href":"https:\/\/verdi-bundesarchiv.de\/index.php\/wp-json\/wp\/v2\/media\/684"}],"wp:attachment":[{"href":"https:\/\/verdi-bundesarchiv.de\/index.php\/wp-json\/wp\/v2\/media?parent=680"}],"wp:term":[{"taxonomy":"category","embeddable":true,"href":"https:\/\/verdi-bundesarchiv.de\/index.php\/wp-json\/wp\/v2\/categories?post=680"},{"taxonomy":"post_tag","embeddable":true,"href":"https:\/\/verdi-bundesarchiv.de\/index.php\/wp-json\/wp\/v2\/tags?post=680"}],"curies":[{"name":"wp","href":"https:\/\/api.w.org\/{rel}","templated":true}]}}